{"id":3380,"date":"2026-01-30T11:35:16","date_gmt":"2026-01-30T11:35:16","guid":{"rendered":"https:\/\/atitlan.es\/?p=3380"},"modified":"2026-02-02T10:23:43","modified_gmt":"2026-02-02T10:23:43","slug":"roberto-centeno-e-nomeado-administrador-da-fundacion-banco-santander","status":"publish","type":"post","link":"https:\/\/atitlan.es\/pt-pt\/roberto-centeno-e-nomeado-administrador-da-fundacion-banco-santander\/","title":{"rendered":"Roberto Centeno \u00e9 nomeado administrador da Fundaci\u00f3n Banco Santander"},"content":{"rendered":"","protected":false},"excerpt":{"rendered":"","protected":false},"author":6,"featured_media":0,"comment_status":"closed","ping_status":"closed","sticky":false,"template":"","format":"standard","meta":{"_acf_changed":false,"_monsterinsights_skip_tracking":false,"_monsterinsights_sitenote_active":false,"_monsterinsights_sitenote_note":"","_monsterinsights_sitenote_category":0,"footnotes":""},"categories":[23],"class_list":["post-3380","post","type-post","status-publish","format-standard","hentry","category-sem-categoria"],"acf":[],"yoast_head":"<!-- This site is optimized with the Yoast SEO plugin v27.0 - https:\/\/yoast.com\/product\/yoast-seo-wordpress\/ -->\n<title>Roberto Centeno \u00e9 nomeado administrador da Fundaci\u00f3n Banco Santander | Atitlan<\/title>\n<meta name=\"robots\" content=\"index, follow, max-snippet:-1, max-image-preview:large, max-video-preview:-1\" \/>\n<link rel=\"canonical\" href=\"https:\/\/atitlan.es\/pt-pt\/roberto-centeno-e-nomeado-administrador-da-fundacion-banco-santander\/\" \/>\n<meta property=\"og:locale\" content=\"pt_PT\" \/>\n<meta property=\"og:type\" content=\"article\" \/>\n<meta property=\"og:title\" content=\"Roberto Centeno \u00e9 nomeado administrador da Fundaci\u00f3n Banco Santander | Atitlan\" \/>\n<meta property=\"og:url\" content=\"https:\/\/atitlan.es\/pt-pt\/roberto-centeno-e-nomeado-administrador-da-fundacion-banco-santander\/\" \/>\n<meta property=\"og:site_name\" content=\"Atitlan\" \/>\n<meta property=\"article:published_time\" content=\"2026-01-30T11:35:16+00:00\" \/>\n<meta property=\"article:modified_time\" content=\"2026-02-02T10:23:43+00:00\" \/>\n<meta property=\"og:image\" content=\"https:\/\/atitlan.es\/wp-content\/uploads\/2023\/10\/FotoPortada-Atitlan-1.jpg\" \/>\n\t<meta property=\"og:image:width\" content=\"1200\" \/>\n\t<meta property=\"og:image:height\" content=\"675\" \/>\n\t<meta property=\"og:image:type\" content=\"image\/jpeg\" \/>\n<meta name=\"author\" content=\"recepcion\" \/>\n<meta name=\"twitter:card\" content=\"summary_large_image\" \/>\n<meta name=\"twitter:label1\" content=\"Escrito por\" \/>\n\t<meta name=\"twitter:data1\" content=\"recepcion\" \/>\n<script type=\"application\/ld+json\" class=\"yoast-schema-graph\">{\"@context\":\"https:\/\/schema.org\",\"@graph\":[{\"@type\":\"Article\",\"@id\":\"https:\/\/atitlan.es\/pt-pt\/roberto-centeno-e-nomeado-administrador-da-fundacion-banco-santander\/#article\",\"isPartOf\":{\"@id\":\"https:\/\/atitlan.es\/pt-pt\/roberto-centeno-e-nomeado-administrador-da-fundacion-banco-santander\/\"},\"author\":{\"name\":\"recepcion\",\"@id\":\"https:\/\/atitlan.es\/#\/schema\/person\/a8aaf2c6626714786a8d4d603aa06a6a\"},\"headline\":\"Roberto Centeno \u00e9 nomeado administrador da Fundaci\u00f3n Banco Santander\",\"datePublished\":\"2026-01-30T11:35:16+00:00\",\"dateModified\":\"2026-02-02T10:23:43+00:00\",\"mainEntityOfPage\":{\"@id\":\"https:\/\/atitlan.es\/pt-pt\/roberto-centeno-e-nomeado-administrador-da-fundacion-banco-santander\/\"},\"wordCount\":9,\"publisher\":{\"@id\":\"https:\/\/atitlan.es\/#organization\"},\"inLanguage\":\"pt-PT\"},{\"@type\":\"WebPage\",\"@id\":\"https:\/\/atitlan.es\/pt-pt\/roberto-centeno-e-nomeado-administrador-da-fundacion-banco-santander\/\",\"url\":\"https:\/\/atitlan.es\/pt-pt\/roberto-centeno-e-nomeado-administrador-da-fundacion-banco-santander\/\",\"name\":\"Roberto Centeno \u00e9 nomeado administrador da Fundaci\u00f3n Banco Santander | Atitlan\",\"isPartOf\":{\"@id\":\"https:\/\/atitlan.es\/#website\"},\"datePublished\":\"2026-01-30T11:35:16+00:00\",\"dateModified\":\"2026-02-02T10:23:43+00:00\",\"breadcrumb\":{\"@id\":\"https:\/\/atitlan.es\/pt-pt\/roberto-centeno-e-nomeado-administrador-da-fundacion-banco-santander\/#breadcrumb\"},\"inLanguage\":\"pt-PT\",\"potentialAction\":[{\"@type\":\"ReadAction\",\"target\":[\"https:\/\/atitlan.es\/pt-pt\/roberto-centeno-e-nomeado-administrador-da-fundacion-banco-santander\/\"]}]},{\"@type\":\"BreadcrumbList\",\"@id\":\"https:\/\/atitlan.es\/pt-pt\/roberto-centeno-e-nomeado-administrador-da-fundacion-banco-santander\/#breadcrumb\",\"itemListElement\":[{\"@type\":\"ListItem\",\"position\":1,\"name\":\"Portada\",\"item\":\"https:\/\/atitlan.es\/pt-pt\/\"},{\"@type\":\"ListItem\",\"position\":2,\"name\":\"Roberto Centeno \u00e9 nomeado administrador da Fundaci\u00f3n Banco Santander\"}]},{\"@type\":\"WebSite\",\"@id\":\"https:\/\/atitlan.es\/#website\",\"url\":\"https:\/\/atitlan.es\/\",\"name\":\"Atitlan\",\"description\":\"Grupo Empresarial l\u00edder en la Pen\u00ednsula Ib\u00e9rica\",\"publisher\":{\"@id\":\"https:\/\/atitlan.es\/#organization\"},\"potentialAction\":[{\"@type\":\"SearchAction\",\"target\":{\"@type\":\"EntryPoint\",\"urlTemplate\":\"https:\/\/atitlan.es\/?s={search_term_string}\"},\"query-input\":{\"@type\":\"PropertyValueSpecification\",\"valueRequired\":true,\"valueName\":\"search_term_string\"}}],\"inLanguage\":\"pt-PT\"},{\"@type\":\"Organization\",\"@id\":\"https:\/\/atitlan.es\/#organization\",\"name\":\"Atitlan\",\"url\":\"https:\/\/atitlan.es\/\",\"logo\":{\"@type\":\"ImageObject\",\"inLanguage\":\"pt-PT\",\"@id\":\"https:\/\/atitlan.es\/#\/schema\/logo\/image\/\",\"url\":\"https:\/\/atitlan.es\/wp-content\/uploads\/2023\/10\/Logo-Atitlan.png\",\"contentUrl\":\"https:\/\/atitlan.es\/wp-content\/uploads\/2023\/10\/Logo-Atitlan.png\",\"width\":696,\"height\":696,\"caption\":\"Atitlan\"},\"image\":{\"@id\":\"https:\/\/atitlan.es\/#\/schema\/logo\/image\/\"},\"sameAs\":[\"https:\/\/www.linkedin.com\/company\/atitlan-grupo\/\"]},{\"@type\":\"Person\",\"@id\":\"https:\/\/atitlan.es\/#\/schema\/person\/a8aaf2c6626714786a8d4d603aa06a6a\",\"name\":\"recepcion\",\"url\":\"https:\/\/atitlan.es\/pt-pt\/author\/recepcion\/\"}]}<\/script>\n<!-- \/ Yoast SEO plugin. -->","yoast_head_json":{"title":"Roberto Centeno \u00e9 nomeado administrador da Fundaci\u00f3n Banco Santander | Atitlan","robots":{"index":"index","follow":"follow","max-snippet":"max-snippet:-1","max-image-preview":"max-image-preview:large","max-video-preview":"max-video-preview:-1"},"canonical":"https:\/\/atitlan.es\/pt-pt\/roberto-centeno-e-nomeado-administrador-da-fundacion-banco-santander\/","og_locale":"pt_PT","og_type":"article","og_title":"Roberto Centeno \u00e9 nomeado administrador da Fundaci\u00f3n Banco Santander | Atitlan","og_url":"https:\/\/atitlan.es\/pt-pt\/roberto-centeno-e-nomeado-administrador-da-fundacion-banco-santander\/","og_site_name":"Atitlan","article_published_time":"2026-01-30T11:35:16+00:00","article_modified_time":"2026-02-02T10:23:43+00:00","og_image":[{"width":1200,"height":675,"url":"https:\/\/atitlan.es\/wp-content\/uploads\/2023\/10\/FotoPortada-Atitlan-1.jpg","type":"image\/jpeg"}],"author":"recepcion","twitter_card":"summary_large_image","twitter_misc":{"Escrito por":"recepcion"},"schema":{"@context":"https:\/\/schema.org","@graph":[{"@type":"Article","@id":"https:\/\/atitlan.es\/pt-pt\/roberto-centeno-e-nomeado-administrador-da-fundacion-banco-santander\/#article","isPartOf":{"@id":"https:\/\/atitlan.es\/pt-pt\/roberto-centeno-e-nomeado-administrador-da-fundacion-banco-santander\/"},"author":{"name":"recepcion","@id":"https:\/\/atitlan.es\/#\/schema\/person\/a8aaf2c6626714786a8d4d603aa06a6a"},"headline":"Roberto Centeno \u00e9 nomeado administrador da Fundaci\u00f3n Banco Santander","datePublished":"2026-01-30T11:35:16+00:00","dateModified":"2026-02-02T10:23:43+00:00","mainEntityOfPage":{"@id":"https:\/\/atitlan.es\/pt-pt\/roberto-centeno-e-nomeado-administrador-da-fundacion-banco-santander\/"},"wordCount":9,"publisher":{"@id":"https:\/\/atitlan.es\/#organization"},"inLanguage":"pt-PT"},{"@type":"WebPage","@id":"https:\/\/atitlan.es\/pt-pt\/roberto-centeno-e-nomeado-administrador-da-fundacion-banco-santander\/","url":"https:\/\/atitlan.es\/pt-pt\/roberto-centeno-e-nomeado-administrador-da-fundacion-banco-santander\/","name":"Roberto Centeno \u00e9 nomeado administrador da Fundaci\u00f3n Banco Santander | Atitlan","isPartOf":{"@id":"https:\/\/atitlan.es\/#website"},"datePublished":"2026-01-30T11:35:16+00:00","dateModified":"2026-02-02T10:23:43+00:00","breadcrumb":{"@id":"https:\/\/atitlan.es\/pt-pt\/roberto-centeno-e-nomeado-administrador-da-fundacion-banco-santander\/#breadcrumb"},"inLanguage":"pt-PT","potentialAction":[{"@type":"ReadAction","target":["https:\/\/atitlan.es\/pt-pt\/roberto-centeno-e-nomeado-administrador-da-fundacion-banco-santander\/"]}]},{"@type":"BreadcrumbList","@id":"https:\/\/atitlan.es\/pt-pt\/roberto-centeno-e-nomeado-administrador-da-fundacion-banco-santander\/#breadcrumb","itemListElement":[{"@type":"ListItem","position":1,"name":"Portada","item":"https:\/\/atitlan.es\/pt-pt\/"},{"@type":"ListItem","position":2,"name":"Roberto Centeno \u00e9 nomeado administrador da Fundaci\u00f3n Banco Santander"}]},{"@type":"WebSite","@id":"https:\/\/atitlan.es\/#website","url":"https:\/\/atitlan.es\/","name":"Atitlan","description":"Grupo Empresarial l\u00edder en la Pen\u00ednsula Ib\u00e9rica","publisher":{"@id":"https:\/\/atitlan.es\/#organization"},"potentialAction":[{"@type":"SearchAction","target":{"@type":"EntryPoint","urlTemplate":"https:\/\/atitlan.es\/?s={search_term_string}"},"query-input":{"@type":"PropertyValueSpecification","valueRequired":true,"valueName":"search_term_string"}}],"inLanguage":"pt-PT"},{"@type":"Organization","@id":"https:\/\/atitlan.es\/#organization","name":"Atitlan","url":"https:\/\/atitlan.es\/","logo":{"@type":"ImageObject","inLanguage":"pt-PT","@id":"https:\/\/atitlan.es\/#\/schema\/logo\/image\/","url":"https:\/\/atitlan.es\/wp-content\/uploads\/2023\/10\/Logo-Atitlan.png","contentUrl":"https:\/\/atitlan.es\/wp-content\/uploads\/2023\/10\/Logo-Atitlan.png","width":696,"height":696,"caption":"Atitlan"},"image":{"@id":"https:\/\/atitlan.es\/#\/schema\/logo\/image\/"},"sameAs":["https:\/\/www.linkedin.com\/company\/atitlan-grupo\/"]},{"@type":"Person","@id":"https:\/\/atitlan.es\/#\/schema\/person\/a8aaf2c6626714786a8d4d603aa06a6a","name":"recepcion","url":"https:\/\/atitlan.es\/pt-pt\/author\/recepcion\/"}]}},"_links":{"self":[{"href":"https:\/\/atitlan.es\/pt-pt\/wp-json\/wp\/v2\/posts\/3380","targetHints":{"allow":["GET"]}}],"collection":[{"href":"https:\/\/atitlan.es\/pt-pt\/wp-json\/wp\/v2\/posts"}],"about":[{"href":"https:\/\/atitlan.es\/pt-pt\/wp-json\/wp\/v2\/types\/post"}],"author":[{"embeddable":true,"href":"https:\/\/atitlan.es\/pt-pt\/wp-json\/wp\/v2\/users\/6"}],"replies":[{"embeddable":true,"href":"https:\/\/atitlan.es\/pt-pt\/wp-json\/wp\/v2\/comments?post=3380"}],"version-history":[{"count":3,"href":"https:\/\/atitlan.es\/pt-pt\/wp-json\/wp\/v2\/posts\/3380\/revisions"}],"predecessor-version":[{"id":3397,"href":"https:\/\/atitlan.es\/pt-pt\/wp-json\/wp\/v2\/posts\/3380\/revisions\/3397"}],"wp:attachment":[{"href":"https:\/\/atitlan.es\/pt-pt\/wp-json\/wp\/v2\/media?parent=3380"}],"wp:term":[{"taxonomy":"category","embeddable":true,"href":"https:\/\/atitlan.es\/pt-pt\/wp-json\/wp\/v2\/categories?post=3380"}],"curies":[{"name":"wp","href":"https:\/\/api.w.org\/{rel}","templated":true}]}}